{"id":513,"date":"2026-03-14T22:13:43","date_gmt":"2026-03-14T21:13:43","guid":{"rendered":"https:\/\/cinematurc.com\/site\/?p=513"},"modified":"2026-03-14T22:13:43","modified_gmt":"2026-03-14T21:13:43","slug":"a-strange-colour-of-dream-une-etrange-couleur-de-reve","status":"publish","type":"post","link":"https:\/\/cinematurc.com\/site\/?p=513","title":{"rendered":"A Strange Colour of Dream \u2022 Une \u00c9trange couleur de r\u00eave"},"content":{"rendered":"\n<p>Yasemin AKINCI \u2022 Documentaire \u2022 VOSTFR \u2022 74&prime; \u2022 Turquie, France, 2024<\/p>\n\n\n\n<p>Le samedi 4 avril \u00e0 16h au Saint-Andr\u00e9 des Arts \ud83d\udc65 en pr\u00e9sence de la r\u00e9alisatrice Yasemin Ak\u0131nc\u0131 \ud83c\udf9f\ufe0f Billetterie<\/p>\n\n\n\n<figure class=\"wp-block-embed is-type-video is-provider-youtube wp-block-embed-youtube wp-embed-aspect-16-9 wp-has-aspect-ratio\"><div class=\"wp-block-embed__wrapper\">\n<iframe loading=\"lazy\" title=\"A Strange Colour of Dream \/ Bir Garip R\u00fcya Rengi | Panorama Selection #BIFED2025\" width=\"500\" height=\"281\" src=\"https:\/\/www.youtube.com\/embed\/DQLbihsYBUM?feature=oembed\" frameborder=\"0\" allow=\"accelerometer; autoplay; clipboard-write; encrypted-media; gyroscope; picture-in-picture; web-share\" referrerpolicy=\"strict-origin-when-cross-origin\" allowfullscreen><\/iframe>\n<\/div><\/figure>\n\n\n\n<p>Ertil, un architecte \u00e0 la retraite, passe la plupart de son temps \u00e0 concevoir des plans 3D de projets imaginaires, des visions qui l&rsquo;ont influenc\u00e9 tout au long de sa vie, fa\u00e7onn\u00e9es par le r\u00eave de modernisation de la Turquie. Tout autour de lui, Istanbul, m\u00e9galopole tentaculaire o\u00f9 cohabitent et s&rsquo;entrechoquent des couches d&rsquo;histoire, continue de s&rsquo;\u00e9tendre, port\u00e9e par des constructions incessantes.<\/p>\n\n\n\n<p>Le samedi 4 avril \u00e0 16h au Saint-Andr\u00e9 des Arts \ud83d\udc65 en pr\u00e9sence de la r\u00e9alisatrice Yasemin Ak\u0131nc\u0131<\/p>\n","protected":false},"excerpt":{"rendered":"<p>Yasemin AKINCI \u2022 Documentaire \u2022 VOSTFR \u2022 74&prime; \u2022 Turquie, France, 2024 Le samedi 4 avril \u00e0 16h au Saint-Andr\u00e9 des Arts \ud83d\udc65 en pr\u00e9sence de la r\u00e9alisatrice Yasemin Ak\u0131nc\u0131 \ud83c\udf9f\ufe0f Billetterie Ertil, un architecte \u00e0 la retraite, passe la plupart de son temps \u00e0 concevoir des plans 3D de projets imaginaires, des visions qui [&hellip;]<\/p>\n","protected":false},"author":4,"featured_media":0,"comment_status":"open","ping_status":"open","sticky":false,"template":"","format":"standard","meta":{"footnotes":""},"categories":[10],"tags":[],"class_list":["post-513","post","type-post","status-publish","format-standard","hentry","category-festival-2026"],"_links":{"self":[{"href":"https:\/\/cinematurc.com\/site\/index.php?rest_route=\/wp\/v2\/posts\/513","targetHints":{"allow":["GET"]}}],"collection":[{"href":"https:\/\/cinematurc.com\/site\/index.php?rest_route=\/wp\/v2\/posts"}],"about":[{"href":"https:\/\/cinematurc.com\/site\/index.php?rest_route=\/wp\/v2\/types\/post"}],"author":[{"embeddable":true,"href":"https:\/\/cinematurc.com\/site\/index.php?rest_route=\/wp\/v2\/users\/4"}],"replies":[{"embeddable":true,"href":"https:\/\/cinematurc.com\/site\/index.php?rest_route=%2Fwp%2Fv2%2Fcomments&post=513"}],"version-history":[{"count":1,"href":"https:\/\/cinematurc.com\/site\/index.php?rest_route=\/wp\/v2\/posts\/513\/revisions"}],"predecessor-version":[{"id":514,"href":"https:\/\/cinematurc.com\/site\/index.php?rest_route=\/wp\/v2\/posts\/513\/revisions\/514"}],"wp:attachment":[{"href":"https:\/\/cinematurc.com\/site\/index.php?rest_route=%2Fwp%2Fv2%2Fmedia&parent=513"}],"wp:term":[{"taxonomy":"category","embeddable":true,"href":"https:\/\/cinematurc.com\/site\/index.php?rest_route=%2Fwp%2Fv2%2Fcategories&post=513"},{"taxonomy":"post_tag","embeddable":true,"href":"https:\/\/cinematurc.com\/site\/index.php?rest_route=%2Fwp%2Fv2%2Ftags&post=513"}],"curies":[{"name":"wp","href":"https:\/\/api.w.org\/{rel}","templated":true}]}}