{"id":510,"date":"2026-03-14T12:48:20","date_gmt":"2026-03-14T11:48:20","guid":{"rendered":"https:\/\/cinematurc.com\/site\/?p=510"},"modified":"2026-03-25T23:11:59","modified_gmt":"2026-03-25T22:11:59","slug":"gunduz-apollon-gece-athena-apollon-le-jour-athena-la-nuit","status":"publish","type":"post","link":"https:\/\/cinematurc.com\/site\/?p=510","title":{"rendered":"G\u00fcnd\u00fcz Apollon Gece Athena \u2022 Apollon le jour Ath\u00e9na la nuit"},"content":{"rendered":"\n<p>Emine YILDIRIM \u2022 Fiction \u2022 112&prime; \u2022 VOSTFR \u2022 Turquie, 2024<\/p>\n\n\n\n<p>Le jeudi 2 avril \u00e0 20h au Saint-Andr\u00e9 des Arts \ud83d\udc65 en pr\u00e9sence de la r\u00e9alisatrice Emine Y\u0131ld\u0131r\u0131m \ud83c\udf9f\ufe0f <a href=\"https:\/\/parisstandredesarts.cine.boutique\/media\/2673?tab=soon&amp;title=APOLLON+LE+JOUR+ATHENA+LA+NUIT&amp;visanumber=2026001747&amp;showId=43327\">Billetterie<\/a> (2 avril \ud83d\udc65)   \u2022   <a href=\"https:\/\/parisstandredesarts.cine.boutique\/media\/2673?tab=soon&amp;title=APOLLON+LE+JOUR+ATHENA+LA+NUIT&amp;visanumber=2026001747&amp;showId=43329\">Billetterie<\/a> (4 avril)<\/p>\n\n\n\n<p>2e projection : Le samedi 4 avril \u00e0 18h au Saint-Andr\u00e9 des Arts \ud83c\udf9f\ufe0f Billetterie<\/p>\n\n\n\n<figure class=\"wp-block-embed is-type-video is-provider-youtube wp-block-embed-youtube wp-embed-aspect-16-9 wp-has-aspect-ratio\"><div class=\"wp-block-embed__wrapper\">\n<iframe loading=\"lazy\" title=\"G\u00dcND\u00dcZ APOLLON GECE ATHENA  - FRAGMAN\" width=\"500\" height=\"281\" src=\"https:\/\/www.youtube.com\/embed\/FmuN14HHfvk?feature=oembed\" frameborder=\"0\" allow=\"accelerometer; autoplay; clipboard-write; encrypted-media; gyroscope; picture-in-picture; web-share\" referrerpolicy=\"strict-origin-when-cross-origin\" allowfullscreen><\/iframe>\n<\/div><\/figure>\n\n\n\n<p>Orpheline, Defne d\u00e9couvre \u00e0 l\u2019\u00e2ge adulte qu\u2019elle peut voir les fant\u00f4mes. Elle part \u00e0 la recherche de l\u2019esprit de sa m\u00e8re disparue, un voyage qui la m\u00e8ne jusqu\u2019\u00e0 l\u2019ancienne ville de Side, pr\u00e8s d\u2019Antalya. Dans cette qu\u00eate fantastique, elle est accompagn\u00e9e de H\u00fcseyin, militant de gauche, de Nazife, chanteuse, et d\u2019une pr\u00eatresse venue de l\u2019Antiquit\u00e9.<\/p>\n\n\n\n<p>Le jeudi 2 avril \u00e0 20h au Saint-Andr\u00e9 des Arts \ud83d\udc65 en pr\u00e9sence de la r\u00e9alisatrice Emine Y\u0131ld\u0131r\u0131m<\/p>\n\n\n\n<p>2e projection : Le samedi 4 avril \u00e0 18h au Saint-Andr\u00e9 des Arts<\/p>\n\n\n\n<p><\/p>\n","protected":false},"excerpt":{"rendered":"<p>Emine YILDIRIM \u2022 Fiction \u2022 112&prime; \u2022 VOSTFR \u2022 Turquie, 2024 Le jeudi 2 avril \u00e0 20h au Saint-Andr\u00e9 des Arts \ud83d\udc65 en pr\u00e9sence de la r\u00e9alisatrice Emine Y\u0131ld\u0131r\u0131m \ud83c\udf9f\ufe0f Billetterie (2 avril \ud83d\udc65) \u2022 Billetterie (4 avril) 2e projection : Le samedi 4 avril \u00e0 18h au Saint-Andr\u00e9 des Arts \ud83c\udf9f\ufe0f Billetterie Orpheline, Defne [&hellip;]<\/p>\n","protected":false},"author":4,"featured_media":0,"comment_status":"open","ping_status":"open","sticky":false,"template":"","format":"standard","meta":{"footnotes":""},"categories":[10],"tags":[],"class_list":["post-510","post","type-post","status-publish","format-standard","hentry","category-festival-2026"],"_links":{"self":[{"href":"https:\/\/cinematurc.com\/site\/index.php?rest_route=\/wp\/v2\/posts\/510","targetHints":{"allow":["GET"]}}],"collection":[{"href":"https:\/\/cinematurc.com\/site\/index.php?rest_route=\/wp\/v2\/posts"}],"about":[{"href":"https:\/\/cinematurc.com\/site\/index.php?rest_route=\/wp\/v2\/types\/post"}],"author":[{"embeddable":true,"href":"https:\/\/cinematurc.com\/site\/index.php?rest_route=\/wp\/v2\/users\/4"}],"replies":[{"embeddable":true,"href":"https:\/\/cinematurc.com\/site\/index.php?rest_route=%2Fwp%2Fv2%2Fcomments&post=510"}],"version-history":[{"count":3,"href":"https:\/\/cinematurc.com\/site\/index.php?rest_route=\/wp\/v2\/posts\/510\/revisions"}],"predecessor-version":[{"id":558,"href":"https:\/\/cinematurc.com\/site\/index.php?rest_route=\/wp\/v2\/posts\/510\/revisions\/558"}],"wp:attachment":[{"href":"https:\/\/cinematurc.com\/site\/index.php?rest_route=%2Fwp%2Fv2%2Fmedia&parent=510"}],"wp:term":[{"taxonomy":"category","embeddable":true,"href":"https:\/\/cinematurc.com\/site\/index.php?rest_route=%2Fwp%2Fv2%2Fcategories&post=510"},{"taxonomy":"post_tag","embeddable":true,"href":"https:\/\/cinematurc.com\/site\/index.php?rest_route=%2Fwp%2Fv2%2Ftags&post=510"}],"curies":[{"name":"wp","href":"https:\/\/api.w.org\/{rel}","templated":true}]}}