{"id":507,"date":"2026-03-14T12:42:44","date_gmt":"2026-03-14T11:42:44","guid":{"rendered":"https:\/\/cinematurc.com\/site\/?p=507"},"modified":"2026-03-25T23:12:39","modified_gmt":"2026-03-25T22:12:39","slug":"yerli-yurtsuz-resident-sans-racines","status":"publish","type":"post","link":"https:\/\/cinematurc.com\/site\/?p=507","title":{"rendered":"Yerli Yurtsuz \u2022 R\u00e9sident sans racines"},"content":{"rendered":"\n<p>R\u0131za Oylum \u2022 Documentaire \u2022 VOSTFR \u2022 65&prime; \u2022 Turquie, 2025<\/p>\n\n\n\n<p>Le vendredi 3 avril \u00e0 20h au Saint-Andr\u00e9 des Arts \ud83d\udc65 en pr\u00e9sence du r\u00e9alisateur R\u0131za Oylum \ud83c\udf9f\ufe0f <a href=\"https:\/\/parisstandredesarts.cine.boutique\/media\/2671?tab=soon&amp;title=RESIDENT+SANS+RACINES&amp;visanumber=2026001761&amp;showId=43328\">Billetterie<\/a><\/p>\n\n\n\n<figure class=\"wp-block-embed is-type-video is-provider-youtube wp-block-embed-youtube wp-embed-aspect-16-9 wp-has-aspect-ratio\"><div class=\"wp-block-embed__wrapper\">\n<iframe loading=\"lazy\" title=\"Yerli Yurtsuz Belgeseli Fragman\u0131\" width=\"500\" height=\"281\" src=\"https:\/\/www.youtube.com\/embed\/gJcsYuGGTuA?feature=oembed\" frameborder=\"0\" allow=\"accelerometer; autoplay; clipboard-write; encrypted-media; gyroscope; picture-in-picture; web-share\" referrerpolicy=\"strict-origin-when-cross-origin\" allowfullscreen><\/iframe>\n<\/div><\/figure>\n\n\n\n<p>Ce documentaire suit le parcours de Yervant Demirci, forgeron n\u00e9 \u00e0 Derik, Mardin, \u00e0 travers les complexit\u00e9s des identit\u00e9s arm\u00e9nienne, turque et kurde entre la Turquie et l\u2019Arm\u00e9nie. Il suit sa qu\u00eate pour renouer avec son h\u00e9ritage, malgr\u00e9 les obstacles culturels et linguistiques qui l&#8217;emp\u00eachent de se d\u00e9finir comme \u00ab kurde-arm\u00e9nien \u00bb et \u00ab turc-arm\u00e9nien \u00bb.<\/p>\n\n\n\n<p>Le vendredi 3 avril \u00e0 20h au Saint-Andr\u00e9 des Arts \ud83d\udc65 en pr\u00e9sence du r\u00e9alisateur R\u0131za Oylum<\/p>\n","protected":false},"excerpt":{"rendered":"<p>R\u0131za Oylum \u2022 Documentaire \u2022 VOSTFR \u2022 65&prime; \u2022 Turquie, 2025 Le vendredi 3 avril \u00e0 20h au Saint-Andr\u00e9 des Arts \ud83d\udc65 en pr\u00e9sence du r\u00e9alisateur R\u0131za Oylum \ud83c\udf9f\ufe0f Billetterie Ce documentaire suit le parcours de Yervant Demirci, forgeron n\u00e9 \u00e0 Derik, Mardin, \u00e0 travers les complexit\u00e9s des identit\u00e9s arm\u00e9nienne, turque et kurde entre la [&hellip;]<\/p>\n","protected":false},"author":4,"featured_media":0,"comment_status":"open","ping_status":"open","sticky":false,"template":"","format":"standard","meta":{"footnotes":""},"categories":[10],"tags":[],"class_list":["post-507","post","type-post","status-publish","format-standard","hentry","category-festival-2026"],"_links":{"self":[{"href":"https:\/\/cinematurc.com\/site\/index.php?rest_route=\/wp\/v2\/posts\/507","targetHints":{"allow":["GET"]}}],"collection":[{"href":"https:\/\/cinematurc.com\/site\/index.php?rest_route=\/wp\/v2\/posts"}],"about":[{"href":"https:\/\/cinematurc.com\/site\/index.php?rest_route=\/wp\/v2\/types\/post"}],"author":[{"embeddable":true,"href":"https:\/\/cinematurc.com\/site\/index.php?rest_route=\/wp\/v2\/users\/4"}],"replies":[{"embeddable":true,"href":"https:\/\/cinematurc.com\/site\/index.php?rest_route=%2Fwp%2Fv2%2Fcomments&post=507"}],"version-history":[{"count":2,"href":"https:\/\/cinematurc.com\/site\/index.php?rest_route=\/wp\/v2\/posts\/507\/revisions"}],"predecessor-version":[{"id":559,"href":"https:\/\/cinematurc.com\/site\/index.php?rest_route=\/wp\/v2\/posts\/507\/revisions\/559"}],"wp:attachment":[{"href":"https:\/\/cinematurc.com\/site\/index.php?rest_route=%2Fwp%2Fv2%2Fmedia&parent=507"}],"wp:term":[{"taxonomy":"category","embeddable":true,"href":"https:\/\/cinematurc.com\/site\/index.php?rest_route=%2Fwp%2Fv2%2Fcategories&post=507"},{"taxonomy":"post_tag","embeddable":true,"href":"https:\/\/cinematurc.com\/site\/index.php?rest_route=%2Fwp%2Fv2%2Ftags&post=507"}],"curies":[{"name":"wp","href":"https:\/\/api.w.org\/{rel}","templated":true}]}}