{"id":500,"date":"2026-03-14T12:22:42","date_gmt":"2026-03-14T11:22:42","guid":{"rendered":"https:\/\/cinematurc.com\/site\/?p=500"},"modified":"2026-03-16T22:55:17","modified_gmt":"2026-03-16T21:55:17","slug":"boluk-porcuk-bir-tuncel-kurtiz-biyografisi-en-morceaux-une-biographie-de-tuncel-kurtiz","status":"publish","type":"post","link":"https:\/\/cinematurc.com\/site\/?p=500","title":{"rendered":"B\u00f6l\u00fck P\u00f6r\u00e7\u00fck: Bir Tuncel Kurtiz Biyografisi \u2022 En Morceaux : une biographie de Tuncel Kurtiz"},"content":{"rendered":"\n<p>\u00d6ZCAN Alper \u2022 Documentaire \u2022 VOSTFR \u2022 85&prime; \u2022 Turquie, 2025<\/p>\n\n\n\n<p>Le mardi 31 mars \u00e0 19h au Brady \ud83c\udf9f\ufe0f <a href=\"https:\/\/achat.lebrady.fr\/reserver\/F635298\/D1774976400\/VO\/45733\/\">Billetterie<\/a><\/p>\n\n\n\n<figure class=\"wp-block-embed is-type-video is-provider-youtube wp-block-embed-youtube wp-embed-aspect-16-9 wp-has-aspect-ratio\"><div class=\"wp-block-embed__wrapper\">\n<iframe loading=\"lazy\" title=\"Tuncel Kurtiz Biyografisi | Bo\u0308lu\u0308k Po\u0308rc\u0327u\u0308k #tuncelkurtiz\" width=\"500\" height=\"281\" src=\"https:\/\/www.youtube.com\/embed\/b5QZhXkLJ7k?feature=oembed\" frameborder=\"0\" allow=\"accelerometer; autoplay; clipboard-write; encrypted-media; gyroscope; picture-in-picture; web-share\" referrerpolicy=\"strict-origin-when-cross-origin\" allowfullscreen><\/iframe>\n<\/div><\/figure>\n\n\n\n<p>Ce documentaire retrace le parcours de Tuncel Kurtiz, acteur international ayant travaill\u00e9 en Turquie, en Allemagne et en Su\u00e8de au cours de ses cinquante ans de carri\u00e8re. \u00c0 travers des t\u00e9moignages, des extraits de films et des images d\u2019archives, il met en lumi\u00e8re la diversit\u00e9 de son \u0153uvre et sa vision du chaos comme force cr\u00e9atrice, sur fond d\u2019ann\u00e9es turbulentes en Turquie et d\u2019exp\u00e9rience de l\u2019exil.<\/p>\n\n\n\n<p>Le mardi 31 mars \u00e0 19h au Brady<\/p>\n\n\n\n<p><\/p>\n","protected":false},"excerpt":{"rendered":"<p>\u00d6ZCAN Alper \u2022 Documentaire \u2022 VOSTFR \u2022 85&prime; \u2022 Turquie, 2025 Le mardi 31 mars \u00e0 19h au Brady \ud83c\udf9f\ufe0f Billetterie Ce documentaire retrace le parcours de Tuncel Kurtiz, acteur international ayant travaill\u00e9 en Turquie, en Allemagne et en Su\u00e8de au cours de ses cinquante ans de carri\u00e8re. \u00c0 travers des t\u00e9moignages, des extraits de [&hellip;]<\/p>\n","protected":false},"author":4,"featured_media":0,"comment_status":"open","ping_status":"open","sticky":false,"template":"","format":"standard","meta":{"footnotes":""},"categories":[10],"tags":[],"class_list":["post-500","post","type-post","status-publish","format-standard","hentry","category-festival-2026"],"_links":{"self":[{"href":"https:\/\/cinematurc.com\/site\/index.php?rest_route=\/wp\/v2\/posts\/500","targetHints":{"allow":["GET"]}}],"collection":[{"href":"https:\/\/cinematurc.com\/site\/index.php?rest_route=\/wp\/v2\/posts"}],"about":[{"href":"https:\/\/cinematurc.com\/site\/index.php?rest_route=\/wp\/v2\/types\/post"}],"author":[{"embeddable":true,"href":"https:\/\/cinematurc.com\/site\/index.php?rest_route=\/wp\/v2\/users\/4"}],"replies":[{"embeddable":true,"href":"https:\/\/cinematurc.com\/site\/index.php?rest_route=%2Fwp%2Fv2%2Fcomments&post=500"}],"version-history":[{"count":3,"href":"https:\/\/cinematurc.com\/site\/index.php?rest_route=\/wp\/v2\/posts\/500\/revisions"}],"predecessor-version":[{"id":539,"href":"https:\/\/cinematurc.com\/site\/index.php?rest_route=\/wp\/v2\/posts\/500\/revisions\/539"}],"wp:attachment":[{"href":"https:\/\/cinematurc.com\/site\/index.php?rest_route=%2Fwp%2Fv2%2Fmedia&parent=500"}],"wp:term":[{"taxonomy":"category","embeddable":true,"href":"https:\/\/cinematurc.com\/site\/index.php?rest_route=%2Fwp%2Fv2%2Fcategories&post=500"},{"taxonomy":"post_tag","embeddable":true,"href":"https:\/\/cinematurc.com\/site\/index.php?rest_route=%2Fwp%2Fv2%2Ftags&post=500"}],"curies":[{"name":"wp","href":"https:\/\/api.w.org\/{rel}","templated":true}]}}