{"id":497,"date":"2026-03-14T12:05:14","date_gmt":"2026-03-14T11:05:14","guid":{"rendered":"https:\/\/cinematurc.com\/site\/?p=497"},"modified":"2026-03-14T22:19:29","modified_gmt":"2026-03-14T21:19:29","slug":"kardes-turkuler-ile-30-yil-30-ans-avec-chants-fraternels","status":"publish","type":"post","link":"https:\/\/cinematurc.com\/site\/?p=497","title":{"rendered":"Karde\u015f T\u00fcrk\u00fcler \u0130le 30 Y\u0131l \u2022 30 ans avec Chants Fraternels"},"content":{"rendered":"\n<p>\u00c7ayan DEM\u0130REL, Ay\u015fe \u00c7ET\u0130NBA\u015e \u2022 Documentaire \u2022 106&prime; \u2022 VOSTFR \u2022Turquie, Allemagne, 2025<\/p>\n\n\n\n<p>Le lundi 30 mars \u00e0 19h au Brady \ud83d\udc65 en pr\u00e9sence de la r\u00e9alisatrice Ay\u015fe \u00c7etinba\u015f\ud83c\udf9f\ufe0f <a href=\"https:\/\/achat.lebrady.fr\/reserver\/F635287\/D1774890000\/VO\/45733\/\">Billetterie<\/a><\/p>\n\n\n\n<figure class=\"wp-block-embed is-type-video is-provider-youtube wp-block-embed-youtube wp-embed-aspect-16-9 wp-has-aspect-ratio\"><div class=\"wp-block-embed__wrapper\">\n<iframe loading=\"lazy\" title=\"Karde\u015f T\u00fcrk\u00fcler: 30 Y\u0131l\u0131n \u00d6yk\u00fcs\u00fc Belgeseli - Teaser 1\" width=\"500\" height=\"281\" src=\"https:\/\/www.youtube.com\/embed\/a0duVsj-BXI?feature=oembed\" frameborder=\"0\" allow=\"accelerometer; autoplay; clipboard-write; encrypted-media; gyroscope; picture-in-picture; web-share\" referrerpolicy=\"strict-origin-when-cross-origin\" allowfullscreen><\/iframe>\n<\/div><\/figure>\n\n\n\n<p>Ce documentaire retrace le parcours musical et politique du groupe Karde\u015f T\u00fcrk\u00fcler (Chants Fraternels), fa\u00e7onn\u00e9 par les bouleversements de l\u2019histoire politique de la Turquie. Sur sc\u00e8ne, les langues se croisent avec l\u2019histoire, la culture, la po\u00e9sie et les voix d\u2019\u00e9crivains et d\u2019artistes, c\u00e9l\u00e9brant une fraternit\u00e9 que les fronti\u00e8res ne peuvent diviser.<\/p>\n\n\n\n<p>Le lundi 30 mars \u00e0 19h au Brady \ud83d\udc65 en pr\u00e9sence de la r\u00e9alisatrice Ay\u015fe \u00c7etinba\u015f<\/p>\n","protected":false},"excerpt":{"rendered":"<p>\u00c7ayan DEM\u0130REL, Ay\u015fe \u00c7ET\u0130NBA\u015e \u2022 Documentaire \u2022 106&prime; \u2022 VOSTFR \u2022Turquie, Allemagne, 2025 Le lundi 30 mars \u00e0 19h au Brady \ud83d\udc65 en pr\u00e9sence de la r\u00e9alisatrice Ay\u015fe \u00c7etinba\u015f\ud83c\udf9f\ufe0f Billetterie Ce documentaire retrace le parcours musical et politique du groupe Karde\u015f T\u00fcrk\u00fcler (Chants Fraternels), fa\u00e7onn\u00e9 par les bouleversements de l\u2019histoire politique de la Turquie. Sur [&hellip;]<\/p>\n","protected":false},"author":4,"featured_media":0,"comment_status":"open","ping_status":"open","sticky":false,"template":"","format":"standard","meta":{"footnotes":""},"categories":[10],"tags":[],"class_list":["post-497","post","type-post","status-publish","format-standard","hentry","category-festival-2026"],"_links":{"self":[{"href":"https:\/\/cinematurc.com\/site\/index.php?rest_route=\/wp\/v2\/posts\/497","targetHints":{"allow":["GET"]}}],"collection":[{"href":"https:\/\/cinematurc.com\/site\/index.php?rest_route=\/wp\/v2\/posts"}],"about":[{"href":"https:\/\/cinematurc.com\/site\/index.php?rest_route=\/wp\/v2\/types\/post"}],"author":[{"embeddable":true,"href":"https:\/\/cinematurc.com\/site\/index.php?rest_route=\/wp\/v2\/users\/4"}],"replies":[{"embeddable":true,"href":"https:\/\/cinematurc.com\/site\/index.php?rest_route=%2Fwp%2Fv2%2Fcomments&post=497"}],"version-history":[{"count":2,"href":"https:\/\/cinematurc.com\/site\/index.php?rest_route=\/wp\/v2\/posts\/497\/revisions"}],"predecessor-version":[{"id":516,"href":"https:\/\/cinematurc.com\/site\/index.php?rest_route=\/wp\/v2\/posts\/497\/revisions\/516"}],"wp:attachment":[{"href":"https:\/\/cinematurc.com\/site\/index.php?rest_route=%2Fwp%2Fv2%2Fmedia&parent=497"}],"wp:term":[{"taxonomy":"category","embeddable":true,"href":"https:\/\/cinematurc.com\/site\/index.php?rest_route=%2Fwp%2Fv2%2Fcategories&post=497"},{"taxonomy":"post_tag","embeddable":true,"href":"https:\/\/cinematurc.com\/site\/index.php?rest_route=%2Fwp%2Fv2%2Ftags&post=497"}],"curies":[{"name":"wp","href":"https:\/\/api.w.org\/{rel}","templated":true}]}}