{"id":493,"date":"2026-03-14T11:56:13","date_gmt":"2026-03-14T10:56:13","guid":{"rendered":"https:\/\/cinematurc.com\/site\/?p=493"},"modified":"2026-03-14T11:56:13","modified_gmt":"2026-03-14T10:56:13","slug":"olu-mevsim-la-saison-morte","status":"publish","type":"post","link":"https:\/\/cinematurc.com\/site\/?p=493","title":{"rendered":"\u00d6l\u00fc Mevsim \u2022 La Saison morte"},"content":{"rendered":"\n<p>Do\u011fu\u015f ALG\u00dcN \u2022 Fiction \u2022 VOSTFR \u2022 120\u2032 \u2022 Turquie, 2025<\/p>\n\n\n\n<p>Le dimanche 29 mars \u00e0 18h30 au Brady \ud83d\udc65 en pr\u00e9sence du r\u00e9alisateur Do\u011fu\u015f Alg\u00fcn \ud83c\udf9f\ufe0f Billetterie <\/p>\n\n\n\n<figure class=\"wp-block-embed is-type-video is-provider-youtube wp-block-embed-youtube wp-embed-aspect-16-9 wp-has-aspect-ratio\"><div class=\"wp-block-embed__wrapper\">\n<iframe loading=\"lazy\" title=\"\u00d6l\u00fc Mevsim \/ Unfruitful Times | Trailer | #36tfm\" width=\"500\" height=\"281\" src=\"https:\/\/www.youtube.com\/embed\/EbxD_ro6bSc?feature=oembed\" frameborder=\"0\" allow=\"accelerometer; autoplay; clipboard-write; encrypted-media; gyroscope; picture-in-picture; web-share\" referrerpolicy=\"strict-origin-when-cross-origin\" allowfullscreen><\/iframe>\n<\/div><\/figure>\n\n\n\n<p>Apr\u00e8s la perte tragique de son enfant, Nimet se retrouve enferm\u00e9e dans une soci\u00e9t\u00e9 stambouliote profond\u00e9ment conservatrice. Sa petite s\u0153ur \u00d6znur, elle aussi, porte un lourd fardeau au sein de la famille et affronte ses propres d\u00e9mons. Le film raconte la solitude et l\u2019\u00e9touffement de celles et ceux qui n\u2019osent pas d\u00e9fier les normes sociales pour reprendre leur vie en main.<\/p>\n\n\n\n<p>Le dimanche 29 mars \u00e0 18h30 au Brady \ud83d\udc65 en pr\u00e9sence du r\u00e9alisateur Do\u011fu\u015f Alg\u00fcn<\/p>\n","protected":false},"excerpt":{"rendered":"<p>Do\u011fu\u015f ALG\u00dcN \u2022 Fiction \u2022 VOSTFR \u2022 120\u2032 \u2022 Turquie, 2025 Le dimanche 29 mars \u00e0 18h30 au Brady \ud83d\udc65 en pr\u00e9sence du r\u00e9alisateur Do\u011fu\u015f Alg\u00fcn \ud83c\udf9f\ufe0f Billetterie Apr\u00e8s la perte tragique de son enfant, Nimet se retrouve enferm\u00e9e dans une soci\u00e9t\u00e9 stambouliote profond\u00e9ment conservatrice. Sa petite s\u0153ur \u00d6znur, elle aussi, porte un lourd fardeau [&hellip;]<\/p>\n","protected":false},"author":4,"featured_media":0,"comment_status":"open","ping_status":"open","sticky":false,"template":"","format":"standard","meta":{"footnotes":""},"categories":[10],"tags":[],"class_list":["post-493","post","type-post","status-publish","format-standard","hentry","category-festival-2026"],"_links":{"self":[{"href":"https:\/\/cinematurc.com\/site\/index.php?rest_route=\/wp\/v2\/posts\/493","targetHints":{"allow":["GET"]}}],"collection":[{"href":"https:\/\/cinematurc.com\/site\/index.php?rest_route=\/wp\/v2\/posts"}],"about":[{"href":"https:\/\/cinematurc.com\/site\/index.php?rest_route=\/wp\/v2\/types\/post"}],"author":[{"embeddable":true,"href":"https:\/\/cinematurc.com\/site\/index.php?rest_route=\/wp\/v2\/users\/4"}],"replies":[{"embeddable":true,"href":"https:\/\/cinematurc.com\/site\/index.php?rest_route=%2Fwp%2Fv2%2Fcomments&post=493"}],"version-history":[{"count":1,"href":"https:\/\/cinematurc.com\/site\/index.php?rest_route=\/wp\/v2\/posts\/493\/revisions"}],"predecessor-version":[{"id":495,"href":"https:\/\/cinematurc.com\/site\/index.php?rest_route=\/wp\/v2\/posts\/493\/revisions\/495"}],"wp:attachment":[{"href":"https:\/\/cinematurc.com\/site\/index.php?rest_route=%2Fwp%2Fv2%2Fmedia&parent=493"}],"wp:term":[{"taxonomy":"category","embeddable":true,"href":"https:\/\/cinematurc.com\/site\/index.php?rest_route=%2Fwp%2Fv2%2Fcategories&post=493"},{"taxonomy":"post_tag","embeddable":true,"href":"https:\/\/cinematurc.com\/site\/index.php?rest_route=%2Fwp%2Fv2%2Ftags&post=493"}],"curies":[{"name":"wp","href":"https:\/\/api.w.org\/{rel}","templated":true}]}}