{"id":489,"date":"2026-03-14T11:48:26","date_gmt":"2026-03-14T10:48:26","guid":{"rendered":"https:\/\/cinematurc.com\/site\/?p=489"},"modified":"2026-03-14T11:52:45","modified_gmt":"2026-03-14T10:52:45","slug":"kadrani-olmayan-saat-lhorloge-sans-cadran","status":"publish","type":"post","link":"https:\/\/cinematurc.com\/site\/?p=489","title":{"rendered":"Kadran\u0131 Olmayan saat \u2022 L&rsquo;Horloge sans cadran"},"content":{"rendered":"\n<p>Fatma KARAKU\u015e KA\u00c7MAZ \u2022 Documentaire \u2022 VOSTFR \u2022 62\u2032 \u2022 Turquie, 2024<\/p>\n\n\n\n<p>Le dimanche 29 mars \u00e0 17h au Brady \ud83c\udf9f\ufe0f Billetterie<\/p>\n\n\n\n<figure class=\"wp-block-embed is-type-video is-provider-youtube wp-block-embed-youtube wp-embed-aspect-16-9 wp-has-aspect-ratio\"><div class=\"wp-block-embed__wrapper\">\n<iframe loading=\"lazy\" title=\"Kadran\u0131 Olmayan Saat - Belgesel (Teaser)\" width=\"500\" height=\"281\" src=\"https:\/\/www.youtube.com\/embed\/4nMM_LeHdzI?feature=oembed\" frameborder=\"0\" allow=\"accelerometer; autoplay; clipboard-write; encrypted-media; gyroscope; picture-in-picture; web-share\" referrerpolicy=\"strict-origin-when-cross-origin\" allowfullscreen><\/iframe>\n<\/div><\/figure>\n\n\n\n<p>Une chercheuse sp\u00e9cialis\u00e9e dans le changement climatique part \u00e0 la rencontre de celles et ceux qui vivent au plus pr\u00e8s de la nature, entreprenant un voyage \u00e0 travers une vaste r\u00e9gion pour d\u00e9couvrir d\u2019autres mani\u00e8res d\u2019habiter le monde. Entre r\u00e9alit\u00e9 sociale et savoir scientifique, elle cherche \u00e0 relier ces deux mondes, persuad\u00e9e que le temps presse pour \u00e9viter la catastrophe. <\/p>\n\n\n\n<p>Le dimanche 29 mars \u00e0 17h au Brady<\/p>\n","protected":false},"excerpt":{"rendered":"<p>Fatma KARAKU\u015e KA\u00c7MAZ \u2022 Documentaire \u2022 VOSTFR \u2022 62\u2032 \u2022 Turquie, 2024 Le dimanche 29 mars \u00e0 17h au Brady \ud83c\udf9f\ufe0f Billetterie Une chercheuse sp\u00e9cialis\u00e9e dans le changement climatique part \u00e0 la rencontre de celles et ceux qui vivent au plus pr\u00e8s de la nature, entreprenant un voyage \u00e0 travers une vaste r\u00e9gion pour d\u00e9couvrir [&hellip;]<\/p>\n","protected":false},"author":4,"featured_media":0,"comment_status":"open","ping_status":"open","sticky":false,"template":"","format":"standard","meta":{"footnotes":""},"categories":[10],"tags":[],"class_list":["post-489","post","type-post","status-publish","format-standard","hentry","category-festival-2026"],"_links":{"self":[{"href":"https:\/\/cinematurc.com\/site\/index.php?rest_route=\/wp\/v2\/posts\/489","targetHints":{"allow":["GET"]}}],"collection":[{"href":"https:\/\/cinematurc.com\/site\/index.php?rest_route=\/wp\/v2\/posts"}],"about":[{"href":"https:\/\/cinematurc.com\/site\/index.php?rest_route=\/wp\/v2\/types\/post"}],"author":[{"embeddable":true,"href":"https:\/\/cinematurc.com\/site\/index.php?rest_route=\/wp\/v2\/users\/4"}],"replies":[{"embeddable":true,"href":"https:\/\/cinematurc.com\/site\/index.php?rest_route=%2Fwp%2Fv2%2Fcomments&post=489"}],"version-history":[{"count":3,"href":"https:\/\/cinematurc.com\/site\/index.php?rest_route=\/wp\/v2\/posts\/489\/revisions"}],"predecessor-version":[{"id":494,"href":"https:\/\/cinematurc.com\/site\/index.php?rest_route=\/wp\/v2\/posts\/489\/revisions\/494"}],"wp:attachment":[{"href":"https:\/\/cinematurc.com\/site\/index.php?rest_route=%2Fwp%2Fv2%2Fmedia&parent=489"}],"wp:term":[{"taxonomy":"category","embeddable":true,"href":"https:\/\/cinematurc.com\/site\/index.php?rest_route=%2Fwp%2Fv2%2Fcategories&post=489"},{"taxonomy":"post_tag","embeddable":true,"href":"https:\/\/cinematurc.com\/site\/index.php?rest_route=%2Fwp%2Fv2%2Ftags&post=489"}],"curies":[{"name":"wp","href":"https:\/\/api.w.org\/{rel}","templated":true}]}}