{"id":482,"date":"2026-03-14T11:31:45","date_gmt":"2026-03-14T10:31:45","guid":{"rendered":"https:\/\/cinematurc.com\/site\/?p=482"},"modified":"2026-03-19T10:03:34","modified_gmt":"2026-03-19T09:03:34","slug":"gorunur-gorunmez-bir-otosansur-antolojisi-vu-non-vu-une-anthologie-de-lautocensure","status":"publish","type":"post","link":"https:\/\/cinematurc.com\/site\/?p=482","title":{"rendered":"G\u00f6r\u00fcn\u00fcr G\u00f6r\u00fcnmez: Bir (Oto)Sans\u00fcr Antolojisi \u2022 Vu \/ Non vu : une anthologie de l'(auto)censure"},"content":{"rendered":"\n<p>F\u0131rat Y\u00dcCEL, Erhan \u00d6RS, Hakan BOZYURT, Can MEM\u0130\u015e, Sibil \u00c7EKMEN, Nadir S\u00d6NMEZ, Serra AKCAN ve Belit SA\u011e \u2022 Documentaire \u2022 VOSTFR \u2022 66\u2032 \u2022 Turquie, Pays-Bas, 2024<\/p>\n\n\n\n<p>Le samedi 28 mars \u00e0 11h au Louxor \ud83d\udc65 en pr\u00e9sence de la co-r\u00e9alisatrice Sibil \u00c7ekmen et autres invit\u00e9s surprises \ud83c\udf9f\ufe0f <a href=\"https:\/\/www.louxor-reserver.cotecine.fr\/reserver\/F635448\/D1774692000\/VO\/2249\/\">Billetterie<\/a><\/p>\n\n\n\n<figure class=\"wp-block-embed is-type-video is-provider-youtube wp-block-embed-youtube wp-embed-aspect-16-9 wp-has-aspect-ratio\"><div class=\"wp-block-embed__wrapper\">\n<iframe loading=\"lazy\" title=\"G\u00f6r\u00fcn\u00fcr G\u00f6r\u00fcnmez \/ Seen Unseen - Trailer\" width=\"500\" height=\"281\" src=\"https:\/\/www.youtube.com\/embed\/SC840nuz9hg?feature=oembed\" frameborder=\"0\" allow=\"accelerometer; autoplay; clipboard-write; encrypted-media; gyroscope; picture-in-picture; web-share\" referrerpolicy=\"strict-origin-when-cross-origin\" allowfullscreen><\/iframe>\n<\/div><\/figure>\n\n\n\n<p>Des documentaires inachev\u00e9s, des graffitis sur les murs des prisons, une lettre non envoy\u00e9e, une p\u00e9tition adress\u00e9e \u00e0 l&rsquo;UNESCO, une image qui n&rsquo;a pas pu \u00eatre imprim\u00e9e dans un livre\u2026 Ce documentaire explore collectivement les fronti\u00e8res de la libert\u00e9 d\u2019expression \u00e0 travers une diversit\u00e9 de formes et de dispositifs. <\/p>\n\n\n\n<p>Le jeudi 28 mars \u00e0 11h au Louxor \ud83d\udc65 en pr\u00e9sence de la co-r\u00e9alisatrice Sibil \u00c7ekmen et autres invit\u00e9s surprises <\/p>\n","protected":false},"excerpt":{"rendered":"<p>F\u0131rat Y\u00dcCEL, Erhan \u00d6RS, Hakan BOZYURT, Can MEM\u0130\u015e, Sibil \u00c7EKMEN, Nadir S\u00d6NMEZ, Serra AKCAN ve Belit SA\u011e \u2022 Documentaire \u2022 VOSTFR \u2022 66\u2032 \u2022 Turquie, Pays-Bas, 2024 Le samedi 28 mars \u00e0 11h au Louxor \ud83d\udc65 en pr\u00e9sence de la co-r\u00e9alisatrice Sibil \u00c7ekmen et autres invit\u00e9s surprises \ud83c\udf9f\ufe0f Billetterie Des documentaires inachev\u00e9s, des graffitis sur [&hellip;]<\/p>\n","protected":false},"author":4,"featured_media":0,"comment_status":"open","ping_status":"open","sticky":false,"template":"","format":"standard","meta":{"footnotes":""},"categories":[10],"tags":[],"class_list":["post-482","post","type-post","status-publish","format-standard","hentry","category-festival-2026"],"_links":{"self":[{"href":"https:\/\/cinematurc.com\/site\/index.php?rest_route=\/wp\/v2\/posts\/482","targetHints":{"allow":["GET"]}}],"collection":[{"href":"https:\/\/cinematurc.com\/site\/index.php?rest_route=\/wp\/v2\/posts"}],"about":[{"href":"https:\/\/cinematurc.com\/site\/index.php?rest_route=\/wp\/v2\/types\/post"}],"author":[{"embeddable":true,"href":"https:\/\/cinematurc.com\/site\/index.php?rest_route=\/wp\/v2\/users\/4"}],"replies":[{"embeddable":true,"href":"https:\/\/cinematurc.com\/site\/index.php?rest_route=%2Fwp%2Fv2%2Fcomments&post=482"}],"version-history":[{"count":3,"href":"https:\/\/cinematurc.com\/site\/index.php?rest_route=\/wp\/v2\/posts\/482\/revisions"}],"predecessor-version":[{"id":552,"href":"https:\/\/cinematurc.com\/site\/index.php?rest_route=\/wp\/v2\/posts\/482\/revisions\/552"}],"wp:attachment":[{"href":"https:\/\/cinematurc.com\/site\/index.php?rest_route=%2Fwp%2Fv2%2Fmedia&parent=482"}],"wp:term":[{"taxonomy":"category","embeddable":true,"href":"https:\/\/cinematurc.com\/site\/index.php?rest_route=%2Fwp%2Fv2%2Fcategories&post=482"},{"taxonomy":"post_tag","embeddable":true,"href":"https:\/\/cinematurc.com\/site\/index.php?rest_route=%2Fwp%2Fv2%2Ftags&post=482"}],"curies":[{"name":"wp","href":"https:\/\/api.w.org\/{rel}","templated":true}]}}