{"id":478,"date":"2026-03-14T11:14:27","date_gmt":"2026-03-14T10:14:27","guid":{"rendered":"https:\/\/cinematurc.com\/site\/?p=478"},"modified":"2026-03-14T11:43:33","modified_gmt":"2026-03-14T10:43:33","slug":"hysteria","status":"publish","type":"post","link":"https:\/\/cinematurc.com\/site\/?p=478","title":{"rendered":"Hysteria"},"content":{"rendered":"\n<p>Mehmet Akif B\u00dcY\u00dcKATALAY \u2022 Fiction \u2022 VOSTFR \u2022 104&prime; \u2022 Allemagne, 2025<\/p>\n\n\n\n<p>Le vendredi 27 mars \u00e0 19h30 \u00e0 l&rsquo;Institut Goethe \ud83d\udc65 en pr\u00e9sence d&rsquo;Andreas Menn \ud83c\udf9f\ufe0f 5\u20ac \u00e0 payer sur place en esp\u00e8ces<\/p>\n\n\n\n<figure class=\"wp-block-embed is-type-video is-provider-youtube wp-block-embed-youtube wp-embed-aspect-16-9 wp-has-aspect-ratio\"><div class=\"wp-block-embed__wrapper\">\n<iframe loading=\"lazy\" title=\"HYSTERIA | Official Trailer #1 (2025)\" width=\"500\" height=\"281\" src=\"https:\/\/www.youtube.com\/embed\/2iJDb_CUqLE?feature=oembed\" frameborder=\"0\" allow=\"accelerometer; autoplay; clipboard-write; encrypted-media; gyroscope; picture-in-picture; web-share\" referrerpolicy=\"strict-origin-when-cross-origin\" allowfullscreen><\/iframe>\n<\/div><\/figure>\n\n\n\n<p>Hysteria revient sur les \u00e9v\u00e9nements troublants survenus lors du tournage d\u2019un film consacr\u00e9 \u00e0 la trag\u00e9die de Solingen en 1993. La br\u00fblure d\u2019un Coran d\u00e9clenche des tensions sur le plateau et des accusations de racisme visant le r\u00e9alisateur germano-turc. Dans ce climat explosif, le film explore les formes subtiles et implicites de racisme et d\u2019hypocrisie li\u00e9es aux questions d\u2019immigration et d\u2019alt\u00e9rit\u00e9 culturelle.<\/p>\n\n\n\n<p>Le jeudi 27 mars \u00e0 19h30 \u00e0 l&rsquo;Institut Goethe \ud83d\udc65 en pr\u00e9sence d&rsquo;Andreas Menn<\/p>\n","protected":false},"excerpt":{"rendered":"<p>Mehmet Akif B\u00dcY\u00dcKATALAY \u2022 Fiction \u2022 VOSTFR \u2022 104&prime; \u2022 Allemagne, 2025 Le vendredi 27 mars \u00e0 19h30 \u00e0 l&rsquo;Institut Goethe \ud83d\udc65 en pr\u00e9sence d&rsquo;Andreas Menn \ud83c\udf9f\ufe0f 5\u20ac \u00e0 payer sur place en esp\u00e8ces Hysteria revient sur les \u00e9v\u00e9nements troublants survenus lors du tournage d\u2019un film consacr\u00e9 \u00e0 la trag\u00e9die de Solingen en 1993. La [&hellip;]<\/p>\n","protected":false},"author":4,"featured_media":0,"comment_status":"open","ping_status":"open","sticky":false,"template":"","format":"standard","meta":{"footnotes":""},"categories":[10],"tags":[],"class_list":["post-478","post","type-post","status-publish","format-standard","hentry","category-festival-2026"],"_links":{"self":[{"href":"https:\/\/cinematurc.com\/site\/index.php?rest_route=\/wp\/v2\/posts\/478","targetHints":{"allow":["GET"]}}],"collection":[{"href":"https:\/\/cinematurc.com\/site\/index.php?rest_route=\/wp\/v2\/posts"}],"about":[{"href":"https:\/\/cinematurc.com\/site\/index.php?rest_route=\/wp\/v2\/types\/post"}],"author":[{"embeddable":true,"href":"https:\/\/cinematurc.com\/site\/index.php?rest_route=\/wp\/v2\/users\/4"}],"replies":[{"embeddable":true,"href":"https:\/\/cinematurc.com\/site\/index.php?rest_route=%2Fwp%2Fv2%2Fcomments&post=478"}],"version-history":[{"count":3,"href":"https:\/\/cinematurc.com\/site\/index.php?rest_route=\/wp\/v2\/posts\/478\/revisions"}],"predecessor-version":[{"id":487,"href":"https:\/\/cinematurc.com\/site\/index.php?rest_route=\/wp\/v2\/posts\/478\/revisions\/487"}],"wp:attachment":[{"href":"https:\/\/cinematurc.com\/site\/index.php?rest_route=%2Fwp%2Fv2%2Fmedia&parent=478"}],"wp:term":[{"taxonomy":"category","embeddable":true,"href":"https:\/\/cinematurc.com\/site\/index.php?rest_route=%2Fwp%2Fv2%2Fcategories&post=478"},{"taxonomy":"post_tag","embeddable":true,"href":"https:\/\/cinematurc.com\/site\/index.php?rest_route=%2Fwp%2Fv2%2Ftags&post=478"}],"curies":[{"name":"wp","href":"https:\/\/api.w.org\/{rel}","templated":true}]}}