{"id":476,"date":"2026-03-14T11:03:09","date_gmt":"2026-03-14T10:03:09","guid":{"rendered":"https:\/\/cinematurc.com\/site\/?p=476"},"modified":"2026-03-16T22:46:50","modified_gmt":"2026-03-16T21:46:50","slug":"kurtulus-salvation","status":"publish","type":"post","link":"https:\/\/cinematurc.com\/site\/?p=476","title":{"rendered":"Kurtulu\u015f \u2022 Salvation"},"content":{"rendered":"\n<p>Emin ALPER \u2022 Fiction \u2022 VOSTFR \u2022 120&prime; \u2022 Turquie, France, Pays-Bas, Gr\u00e8ce, Su\u00e8de, 2026<\/p>\n\n\n\n<p>Inauguration \u2022 Le jeudi 26 mars \u00e0 19h30 au Louxor \ud83d\udc65 en pr\u00e9sence des com\u00e9diens Feyyaz Duman et Naz G\u00f6ktan \ud83c\udf9f\ufe0f <a href=\"https:\/\/www.louxor-reserver.cotecine.fr\/reserver\/F626438\/D1774549800\/VO\/2248\/\">Billetterie<\/a><\/p>\n\n\n\n<figure class=\"wp-block-embed is-type-video is-provider-youtube wp-block-embed-youtube wp-embed-aspect-16-9 wp-has-aspect-ratio\"><div class=\"wp-block-embed__wrapper\">\n<iframe loading=\"lazy\" title=\"\u2018Salvation\u2019: first trailer for Emin Alper\u2019s Berlin competition title\" width=\"500\" height=\"281\" src=\"https:\/\/www.youtube.com\/embed\/TllAS6UVs24?feature=oembed\" frameborder=\"0\" allow=\"accelerometer; autoplay; clipboard-write; encrypted-media; gyroscope; picture-in-picture; web-share\" referrerpolicy=\"strict-origin-when-cross-origin\" allowfullscreen><\/iframe>\n<\/div><\/figure>\n\n\n\n<p>Apr\u00e8s une p\u00e9riode de violence marqu\u00e9e par les conflits r\u00e9gionaux, le cheikh Ferit de la tribu Hazeran est confront\u00e9 au retour de la tribu Beziki, qui reprend ses anciennes terres. Ferit et son fr\u00e8re Mesut ont des avis divergents sur la mani\u00e8re de g\u00e9rer le conflit. <\/p>\n\n\n\n<p>Le jeudi 26 mars \u00e0 19h30 au Louxor \ud83d\udc65 en pr\u00e9sence des com\u00e9diens Feyyaz Duman et Naz G\u00f6ktan <\/p>\n","protected":false},"excerpt":{"rendered":"<p>Emin ALPER \u2022 Fiction \u2022 VOSTFR \u2022 120&prime; \u2022 Turquie, France, Pays-Bas, Gr\u00e8ce, Su\u00e8de, 2026 Inauguration \u2022 Le jeudi 26 mars \u00e0 19h30 au Louxor \ud83d\udc65 en pr\u00e9sence des com\u00e9diens Feyyaz Duman et Naz G\u00f6ktan \ud83c\udf9f\ufe0f Billetterie Apr\u00e8s une p\u00e9riode de violence marqu\u00e9e par les conflits r\u00e9gionaux, le cheikh Ferit de la tribu Hazeran est [&hellip;]<\/p>\n","protected":false},"author":4,"featured_media":0,"comment_status":"open","ping_status":"open","sticky":true,"template":"","format":"standard","meta":{"footnotes":""},"categories":[10],"tags":[],"class_list":["post-476","post","type-post","status-publish","format-standard","hentry","category-festival-2026"],"_links":{"self":[{"href":"https:\/\/cinematurc.com\/site\/index.php?rest_route=\/wp\/v2\/posts\/476","targetHints":{"allow":["GET"]}}],"collection":[{"href":"https:\/\/cinematurc.com\/site\/index.php?rest_route=\/wp\/v2\/posts"}],"about":[{"href":"https:\/\/cinematurc.com\/site\/index.php?rest_route=\/wp\/v2\/types\/post"}],"author":[{"embeddable":true,"href":"https:\/\/cinematurc.com\/site\/index.php?rest_route=\/wp\/v2\/users\/4"}],"replies":[{"embeddable":true,"href":"https:\/\/cinematurc.com\/site\/index.php?rest_route=%2Fwp%2Fv2%2Fcomments&post=476"}],"version-history":[{"count":2,"href":"https:\/\/cinematurc.com\/site\/index.php?rest_route=\/wp\/v2\/posts\/476\/revisions"}],"predecessor-version":[{"id":537,"href":"https:\/\/cinematurc.com\/site\/index.php?rest_route=\/wp\/v2\/posts\/476\/revisions\/537"}],"wp:attachment":[{"href":"https:\/\/cinematurc.com\/site\/index.php?rest_route=%2Fwp%2Fv2%2Fmedia&parent=476"}],"wp:term":[{"taxonomy":"category","embeddable":true,"href":"https:\/\/cinematurc.com\/site\/index.php?rest_route=%2Fwp%2Fv2%2Fcategories&post=476"},{"taxonomy":"post_tag","embeddable":true,"href":"https:\/\/cinematurc.com\/site\/index.php?rest_route=%2Fwp%2Fv2%2Ftags&post=476"}],"curies":[{"name":"wp","href":"https:\/\/api.w.org\/{rel}","templated":true}]}}