{"id":384,"date":"2025-08-05T20:44:06","date_gmt":"2025-08-05T18:44:06","guid":{"rendered":"https:\/\/cinematurc.com\/site\/?p=384"},"modified":"2026-03-14T10:44:20","modified_gmt":"2026-03-14T09:44:20","slug":"les-inscriptions-pour-la-23e-edition-du-festival-du-cinema-de-turquie-a-paris","status":"publish","type":"post","link":"https:\/\/cinematurc.com\/site\/?p=384","title":{"rendered":"Les inscriptions pour la 23e \u00e9dition du Festival du Cin\u00e9ma de Turquie \u00e0 Paris"},"content":{"rendered":"\n<p>Les inscriptions pour la 23<sup>e<\/sup> \u00e9dition du Festival du Cin\u00e9ma de Turquie \u00e0 Paris se font du 1er septembre au 20 d\u00e9cembre 2025. Envoyez-nous un mail \u00e0 l&rsquo;adresse cinema@acort.org <br>Il faut tout simplement partager avec nous:<\/p>\n\n\n\n<ul class=\"wp-block-list\">\n<li>le titre avec les d\u00e9tails [<em>Teredd\u00fct \u00c7izgisi<\/em> \u2022 Selman Nacar \u2022 Fiction \u2022 84 minutes \u2022 Turquie, Espagne, Roumanie, France, 2023]<\/li>\n\n\n\n<li>le synopsis <\/li>\n\n\n\n<li>le lien de visionnage <\/li>\n\n\n\n<li>les sous-titres [pr\u00e9f\u00e9rablement en fran\u00e7ais, sinon en anglais]<\/li>\n\n\n\n<li>la bande-annonce <\/li>\n\n\n\n<li>l&rsquo;affiche <\/li>\n\n\n\n<li>la biographie de la r\u00e9alisatrice \u2013 du r\u00e9alisateur <\/li>\n\n\n\n<li>les photos <\/li>\n\n\n\n<li>les noms des soci\u00e9t\u00e9s de production<\/li>\n\n\n\n<li>les noms des distributeurs en France et ou en Europe <\/li>\n<\/ul>\n\n\n\n<p>Filminizin 23. Paris T\u00fcrkiye Filmleri Festivali i\u00e7in de\u011ferlendirmeye al\u0131nmas\u0131n\u0131 istiyorsan\u0131z, 1 Eyl\u00fcl &#8211; 20 Aral\u0131k 2025 tarihleri aras\u0131nda cinema@acort.org adresine e-posta g\u00f6nderebilirsiniz. Tek yapman\u0131z gereken bizimle \u015fu bilgileri payla\u015fmak: <\/p>\n\n\n\n<ul class=\"wp-block-list\">\n<li>ba\u015fl\u0131k ve detaylar [<em>Teredd\u00fct \u00c7izgisi<\/em> \u2022 Selman Nacar \u2022 Kurmaca \u2022 84 dakika \u2022 T\u00fcrkiye, \u0130spanya, Romanya, Fransa, 2023]<\/li>\n\n\n\n<li>sinopsis<\/li>\n\n\n\n<li>izleme ba\u011flant\u0131s\u0131<\/li>\n\n\n\n<li>altyaz\u0131lar [tercihen Frans\u0131zca, de\u011filse \u0130ngilizce]<\/li>\n\n\n\n<li>fragman<\/li>\n\n\n\n<li>afi\u015f<\/li>\n\n\n\n<li>y\u00f6netmen biyografisi<\/li>\n\n\n\n<li>foto\u011fraflar<\/li>\n\n\n\n<li>yap\u0131m \u015firketlerinin isimleri<\/li>\n\n\n\n<li>Fransa ve\/veya Avrupa&rsquo;daki da\u011f\u0131t\u0131mc\u0131lar\u0131n isimleri<\/li>\n<\/ul>\n","protected":false},"excerpt":{"rendered":"<p>Les inscriptions pour la 23e \u00e9dition du Festival du Cin\u00e9ma de Turquie \u00e0 Paris se font du 1er septembre au 20 d\u00e9cembre 2025. Envoyez-nous un mail \u00e0 l&rsquo;adresse cinema@acort.org Il faut tout simplement partager avec nous: Filminizin 23. Paris T\u00fcrkiye Filmleri Festivali i\u00e7in de\u011ferlendirmeye al\u0131nmas\u0131n\u0131 istiyorsan\u0131z, 1 Eyl\u00fcl &#8211; 20 Aral\u0131k 2025 tarihleri aras\u0131nda cinema@acort.org [&hellip;]<\/p>\n","protected":false},"author":4,"featured_media":0,"comment_status":"open","ping_status":"open","sticky":false,"template":"","format":"standard","meta":{"footnotes":""},"categories":[10],"tags":[],"class_list":["post-384","post","type-post","status-publish","format-standard","hentry","category-festival-2026"],"_links":{"self":[{"href":"https:\/\/cinematurc.com\/site\/index.php?rest_route=\/wp\/v2\/posts\/384","targetHints":{"allow":["GET"]}}],"collection":[{"href":"https:\/\/cinematurc.com\/site\/index.php?rest_route=\/wp\/v2\/posts"}],"about":[{"href":"https:\/\/cinematurc.com\/site\/index.php?rest_route=\/wp\/v2\/types\/post"}],"author":[{"embeddable":true,"href":"https:\/\/cinematurc.com\/site\/index.php?rest_route=\/wp\/v2\/users\/4"}],"replies":[{"embeddable":true,"href":"https:\/\/cinematurc.com\/site\/index.php?rest_route=%2Fwp%2Fv2%2Fcomments&post=384"}],"version-history":[{"count":6,"href":"https:\/\/cinematurc.com\/site\/index.php?rest_route=\/wp\/v2\/posts\/384\/revisions"}],"predecessor-version":[{"id":390,"href":"https:\/\/cinematurc.com\/site\/index.php?rest_route=\/wp\/v2\/posts\/384\/revisions\/390"}],"wp:attachment":[{"href":"https:\/\/cinematurc.com\/site\/index.php?rest_route=%2Fwp%2Fv2%2Fmedia&parent=384"}],"wp:term":[{"taxonomy":"category","embeddable":true,"href":"https:\/\/cinematurc.com\/site\/index.php?rest_route=%2Fwp%2Fv2%2Fcategories&post=384"},{"taxonomy":"post_tag","embeddable":true,"href":"https:\/\/cinematurc.com\/site\/index.php?rest_route=%2Fwp%2Fv2%2Ftags&post=384"}],"curies":[{"name":"wp","href":"https:\/\/api.w.org\/{rel}","templated":true}]}}